{"id":259,"date":"2021-06-13T21:51:29","date_gmt":"2021-06-13T18:51:29","guid":{"rendered":"https:\/\/www.isuzucorluservis.com\/?p=259"},"modified":"2021-06-13T21:51:34","modified_gmt":"2021-06-13T18:51:34","slug":"eurostar-tv-anlat-bakalim-turkiye-corlu-isuzu-yetkili-servisi-aksu-otomotiv","status":"publish","type":"post","link":"https:\/\/www.isuzucorluservis.com\/index.php\/2021\/06\/13\/eurostar-tv-anlat-bakalim-turkiye-corlu-isuzu-yetkili-servisi-aksu-otomotiv\/","title":{"rendered":"EUROSTAR TV &#8220;Anlat Bakal\u0131m T\u00fcrkiye&#8221; \u00c7orlu \u0130suzu Yetkili Servisi Aksu Otomotiv"},"content":{"rendered":"\n<p>Euro star kanal\u0131nda ve sosyal medyada yay\u0131nlanan &#8220;Anlat Bakal\u0131m T\u00fcrkiye&#8221; Program\u0131nda Firmam\u0131z Kurucusu Osman Balkaba\u011f\u0131 ile  \u00c7orlu isuzu yetkili servisi Aksu Otomotiv hakk\u0131nda ger\u00e7ekle\u015fen r\u00f6portaj\u0131m\u0131z\u0131  izleyebilirsiniz.<\/p>\n\n\n\n<figure class=\"wp-block-embed is-type-video is-provider-youtube wp-block-embed-youtube wp-embed-aspect-16-9 wp-has-aspect-ratio\"><div class=\"wp-block-embed__wrapper\">\n<iframe loading=\"lazy\" title=\"AKSU OTOMOT\u0130V | EUROSTAR TV &quot;Anlat Bakal\u0131m T\u00fcrkiye&quot;\" width=\"500\" height=\"281\" src=\"https:\/\/www.youtube.com\/embed\/betjBY-avdE?feature=oembed\" frameborder=\"0\" allow=\"accelerometer; autoplay; clipboard-write; encrypted-media; gyroscope; picture-in-picture; web-share\" referrerpolicy=\"strict-origin-when-cross-origin\" allowfullscreen><\/iframe>\n<\/div><\/figure>\n\n\n\n<p>AKSU OTOMOT\u0130V | EUROSTAR TV &#8220;Anlat Bakal\u0131m T\u00fcrkiye&#8221;<\/p>\n\n\n\n<p>\ud83d\udccd TEK\u0130RDA\u011e<br>\ud83d\udc64 OSMAN BALKABA\u011eI<br>\ud83d\udcde 0532 296 03 89<br>\ud83d\udc47\ud83d\udc47&#8212;&#8212;&#8212;&#8211;\ud83d\udc47\ud83d\udc47<\/p>\n\n\n\n<p><br><a href=\"https:\/\/www.instagram.com\/explore\/tags\/otomotiv\/\">#otomotiv<\/a><a href=\"https:\/\/www.instagram.com\/explore\/tags\/automotivephotography\/\">#automotivephotography<\/a><a href=\"https:\/\/www.instagram.com\/explore\/tags\/automotive\/\">#automotive<\/a><a href=\"https:\/\/www.instagram.com\/explore\/tags\/automotiverepair\/\">#automotiverepair<\/a><a href=\"https:\/\/www.instagram.com\/explore\/tags\/automotivedetailing\/\">#automotivedetailing<\/a><a href=\"https:\/\/www.instagram.com\/explore\/tags\/automotivedesign\/\">#automotivedesign<\/a><a href=\"https:\/\/www.instagram.com\/explore\/tags\/car\/\">#car<\/a><a href=\"https:\/\/www.instagram.com\/explore\/tags\/cargram\/\">#cargram<\/a><a href=\"https:\/\/www.instagram.com\/explore\/tags\/performancecars\/\">#performancecars<\/a><a href=\"https:\/\/www.instagram.com\/explore\/tags\/automotiveculture\/\">#automotiveculture<\/a><a href=\"https:\/\/www.instagram.com\/explore\/tags\/carspot\/\">#carspot<\/a><a href=\"https:\/\/www.instagram.com\/explore\/tags\/automotives\/\">#automotives<\/a><br><a href=\"https:\/\/www.instagram.com\/explore\/tags\/eurostartv\/\">#eurostartv<\/a><a href=\"https:\/\/www.instagram.com\/explore\/tags\/startv\/\">#startv<\/a><a href=\"https:\/\/www.instagram.com\/explore\/tags\/eurostar\/\">#eurostar<\/a><a href=\"https:\/\/www.instagram.com\/explore\/tags\/tv\/\">#tv<\/a><a href=\"https:\/\/www.instagram.com\/explore\/tags\/star\/\">#star<\/a><a href=\"https:\/\/www.instagram.com\/explore\/tags\/anlatbakalimturkiye\/\">#anlatbakalimturkiye<\/a><a href=\"https:\/\/www.instagram.com\/explore\/tags\/turkiyeanlatbakalim\/\">#turkiyeanlatbakalim<\/a><a href=\"https:\/\/www.instagram.com\/explore\/tags\/dadamedya\/\">#dadamedya<\/a><a href=\"https:\/\/www.instagram.com\/explore\/tags\/dadamedyagrup\/\">#dadamedyagrup<\/a><a href=\"https:\/\/www.instagram.com\/explore\/tags\/dadagrup\/\">#dadagrup<\/a><\/p>\n","protected":false},"excerpt":{"rendered":"<p>Euro star kanal\u0131nda ve sosyal medyada yay\u0131nlanan &#8220;Anlat Bakal\u0131m T\u00fcrkiye&#8221; Program\u0131nda Firmam\u0131z Kurucusu Osman Balkaba\u011f\u0131 ile \u00c7orlu isuzu yetkili servisi Aksu Otomotiv hakk\u0131nda ger\u00e7ekle\u015fen r\u00f6portaj\u0131m\u0131z\u0131 izleyebilirsiniz. AKSU OTOMOT\u0130V | EUROSTAR TV &#8220;Anlat Bakal\u0131m T\u00fcrkiye&#8221; \ud83d\udccd TEK\u0130RDA\u011e\ud83d\udc64 OSMAN BALKABA\u011eI\ud83d\udcde 0532 296 03 89\ud83d\udc47\ud83d\udc47&#8212;&#8212;&#8212;&#8211;\ud83d\udc47\ud83d\udc47 #otomotiv#automotivephotography#automotive#automotiverepair#automotivedetailing#automotivedesign#car#cargram#performancecars#automotiveculture#carspot#automotives#eurostartv#startv#eurostar#tv#star#anlatbakalimturkiye#turkiyeanlatbakalim#dadamedya#dadamedyagrup#dadagrup<\/p>\n","protected":false},"author":1,"featured_media":260,"comment_status":"open","ping_status":"open","sticky":false,"template":"","format":"standard","meta":{"footnotes":""},"categories":[1],"tags":[],"class_list":["post-259","post","type-post","status-publish","format-standard","has-post-thumbnail","hentry","category-genel"],"yoast_head":"<!-- This site is optimized with the Yoast SEO plugin v16.2 - https:\/\/yoast.com\/wordpress\/plugins\/seo\/ -->\n<title>EUROSTAR TV &quot;Anlat Bakal\u0131m T\u00fcrkiye&quot; \u00c7orlu \u0130suzu Yetkili Servisi Aksu Otomotiv - Aksu Otomotiv \u0130suzu \u00c7orlu Yetkili Servis \u0130suzu Servis<\/title>\n<meta name=\"description\" content=\"Euro star kanal\u0131nda ve sosyal medyada yay\u0131nlanan &quot;Anlat Bakal\u0131m T\u00fcrkiye&quot; Program\u0131nda Firmam\u0131z Kurucusu Osman Balkaba\u011f\u0131 ile \u00c7orlu isuzu yetkili servisi Aksu Otomotiv hakk\u0131nda ger\u00e7ekle\u015fen r\u00f6portaj\u0131m\u0131z\u0131 izleyebilirsiniz.\" \/>\n<meta name=\"robots\" content=\"index, follow, max-snippet:-1, max-image-preview:large, max-video-preview:-1\" \/>\n<link rel=\"canonical\" href=\"https:\/\/www.isuzucorluservis.com\/index.php\/2021\/06\/13\/eurostar-tv-anlat-bakalim-turkiye-corlu-isuzu-yetkili-servisi-aksu-otomotiv\/\" \/>\n<meta property=\"og:locale\" content=\"tr_TR\" \/>\n<meta property=\"og:type\" content=\"article\" \/>\n<meta property=\"og:title\" content=\"EUROSTAR TV &quot;Anlat Bakal\u0131m T\u00fcrkiye&quot; \u00c7orlu \u0130suzu Yetkili Servisi Aksu Otomotiv - Aksu Otomotiv \u0130suzu \u00c7orlu Yetkili Servis \u0130suzu Servis\" \/>\n<meta property=\"og:description\" content=\"Euro star kanal\u0131nda ve sosyal medyada yay\u0131nlanan &quot;Anlat Bakal\u0131m T\u00fcrkiye&quot; Program\u0131nda Firmam\u0131z Kurucusu Osman Balkaba\u011f\u0131 ile \u00c7orlu isuzu yetkili servisi Aksu Otomotiv hakk\u0131nda ger\u00e7ekle\u015fen r\u00f6portaj\u0131m\u0131z\u0131 izleyebilirsiniz.\" \/>\n<meta property=\"og:url\" content=\"https:\/\/www.isuzucorluservis.com\/index.php\/2021\/06\/13\/eurostar-tv-anlat-bakalim-turkiye-corlu-isuzu-yetkili-servisi-aksu-otomotiv\/\" \/>\n<meta property=\"og:site_name\" content=\"Aksu Otomotiv \u0130suzu \u00c7orlu Yetkili Servis \u0130suzu Servis\" \/>\n<meta property=\"article:published_time\" content=\"2021-06-13T18:51:29+00:00\" \/>\n<meta property=\"article:modified_time\" content=\"2021-06-13T18:51:34+00:00\" \/>\n<meta property=\"og:image\" content=\"https:\/\/www.isuzucorluservis.com\/wp-content\/uploads\/2021\/06\/roportasi.jpg\" \/>\n\t<meta property=\"og:image:width\" content=\"1141\" \/>\n\t<meta property=\"og:image:height\" content=\"588\" \/>\n<meta name=\"twitter:card\" content=\"summary_large_image\" \/>\n<meta name=\"twitter:label1\" content=\"Tahmini okuma s\u00fcresi\">\n\t<meta name=\"twitter:data1\" content=\"1 dakika\">\n<script type=\"application\/ld+json\" class=\"yoast-schema-graph\">{\"@context\":\"https:\/\/schema.org\",\"@graph\":[{\"@type\":\"Organization\",\"@id\":\"https:\/\/www.isuzucorluservis.com\/#organization\",\"name\":\"Aksu Otomotiv \\u0130suzu \\u00c7orlu Yetkili Servis \\u0130suzu Servis\",\"url\":\"https:\/\/www.isuzucorluservis.com\/\",\"sameAs\":[],\"logo\":{\"@type\":\"ImageObject\",\"@id\":\"https:\/\/www.isuzucorluservis.com\/#logo\",\"inLanguage\":\"tr\",\"url\":\"https:\/\/www.isuzucorluservis.com\/wp-content\/uploads\/2021\/05\/Logoisuzulu-4.png\",\"contentUrl\":\"https:\/\/www.isuzucorluservis.com\/wp-content\/uploads\/2021\/05\/Logoisuzulu-4.png\",\"width\":663,\"height\":639,\"caption\":\"Aksu Otomotiv \\u0130suzu \\u00c7orlu Yetkili Servis \\u0130suzu Servis\"},\"image\":{\"@id\":\"https:\/\/www.isuzucorluservis.com\/#logo\"}},{\"@type\":\"WebSite\",\"@id\":\"https:\/\/www.isuzucorluservis.com\/#website\",\"url\":\"https:\/\/www.isuzucorluservis.com\/\",\"name\":\"Aksu Otomotiv \\u0130suzu \\u00c7orlu Yetkili Servis \\u0130suzu Servis\",\"description\":\"Sizlere daha iyi hizmet verebilmek i\\u00e7in yeni yerimizdeyiz\",\"publisher\":{\"@id\":\"https:\/\/www.isuzucorluservis.com\/#organization\"},\"potentialAction\":[{\"@type\":\"SearchAction\",\"target\":\"https:\/\/www.isuzucorluservis.com\/?s={search_term_string}\",\"query-input\":\"required name=search_term_string\"}],\"inLanguage\":\"tr\"},{\"@type\":\"ImageObject\",\"@id\":\"https:\/\/www.isuzucorluservis.com\/index.php\/2021\/06\/13\/eurostar-tv-anlat-bakalim-turkiye-corlu-isuzu-yetkili-servisi-aksu-otomotiv\/#primaryimage\",\"inLanguage\":\"tr\",\"url\":\"https:\/\/www.isuzucorluservis.com\/wp-content\/uploads\/2021\/06\/roportasi.jpg\",\"contentUrl\":\"https:\/\/www.isuzucorluservis.com\/wp-content\/uploads\/2021\/06\/roportasi.jpg\",\"width\":1141,\"height\":588},{\"@type\":\"WebPage\",\"@id\":\"https:\/\/www.isuzucorluservis.com\/index.php\/2021\/06\/13\/eurostar-tv-anlat-bakalim-turkiye-corlu-isuzu-yetkili-servisi-aksu-otomotiv\/#webpage\",\"url\":\"https:\/\/www.isuzucorluservis.com\/index.php\/2021\/06\/13\/eurostar-tv-anlat-bakalim-turkiye-corlu-isuzu-yetkili-servisi-aksu-otomotiv\/\",\"name\":\"EUROSTAR TV \\\"Anlat Bakal\\u0131m T\\u00fcrkiye\\\" \\u00c7orlu \\u0130suzu Yetkili Servisi Aksu Otomotiv - Aksu Otomotiv \\u0130suzu \\u00c7orlu Yetkili Servis \\u0130suzu Servis\",\"isPartOf\":{\"@id\":\"https:\/\/www.isuzucorluservis.com\/#website\"},\"primaryImageOfPage\":{\"@id\":\"https:\/\/www.isuzucorluservis.com\/index.php\/2021\/06\/13\/eurostar-tv-anlat-bakalim-turkiye-corlu-isuzu-yetkili-servisi-aksu-otomotiv\/#primaryimage\"},\"datePublished\":\"2021-06-13T18:51:29+00:00\",\"dateModified\":\"2021-06-13T18:51:34+00:00\",\"description\":\"Euro star kanal\\u0131nda ve sosyal medyada yay\\u0131nlanan \\\"Anlat Bakal\\u0131m T\\u00fcrkiye\\\" Program\\u0131nda Firmam\\u0131z Kurucusu Osman Balkaba\\u011f\\u0131 ile \\u00c7orlu isuzu yetkili servisi Aksu Otomotiv hakk\\u0131nda ger\\u00e7ekle\\u015fen r\\u00f6portaj\\u0131m\\u0131z\\u0131 izleyebilirsiniz.\",\"breadcrumb\":{\"@id\":\"https:\/\/www.isuzucorluservis.com\/index.php\/2021\/06\/13\/eurostar-tv-anlat-bakalim-turkiye-corlu-isuzu-yetkili-servisi-aksu-otomotiv\/#breadcrumb\"},\"inLanguage\":\"tr\",\"potentialAction\":[{\"@type\":\"ReadAction\",\"target\":[\"https:\/\/www.isuzucorluservis.com\/index.php\/2021\/06\/13\/eurostar-tv-anlat-bakalim-turkiye-corlu-isuzu-yetkili-servisi-aksu-otomotiv\/\"]}]},{\"@type\":\"BreadcrumbList\",\"@id\":\"https:\/\/www.isuzucorluservis.com\/index.php\/2021\/06\/13\/eurostar-tv-anlat-bakalim-turkiye-corlu-isuzu-yetkili-servisi-aksu-otomotiv\/#breadcrumb\",\"itemListElement\":[{\"@type\":\"ListItem\",\"position\":1,\"item\":{\"@type\":\"WebPage\",\"@id\":\"https:\/\/www.isuzucorluservis.com\/\",\"url\":\"https:\/\/www.isuzucorluservis.com\/\",\"name\":\"Anasayfa\"}},{\"@type\":\"ListItem\",\"position\":2,\"item\":{\"@id\":\"https:\/\/www.isuzucorluservis.com\/index.php\/2021\/06\/13\/eurostar-tv-anlat-bakalim-turkiye-corlu-isuzu-yetkili-servisi-aksu-otomotiv\/#webpage\"}}]},{\"@type\":\"Article\",\"@id\":\"https:\/\/www.isuzucorluservis.com\/index.php\/2021\/06\/13\/eurostar-tv-anlat-bakalim-turkiye-corlu-isuzu-yetkili-servisi-aksu-otomotiv\/#article\",\"isPartOf\":{\"@id\":\"https:\/\/www.isuzucorluservis.com\/index.php\/2021\/06\/13\/eurostar-tv-anlat-bakalim-turkiye-corlu-isuzu-yetkili-servisi-aksu-otomotiv\/#webpage\"},\"author\":{\"@id\":\"https:\/\/www.isuzucorluservis.com\/#\/schema\/person\/93dfcda6dc8bcbcc6a8a91105ba3b0e9\"},\"headline\":\"EUROSTAR TV &#8220;Anlat Bakal\\u0131m T\\u00fcrkiye&#8221; \\u00c7orlu \\u0130suzu Yetkili Servisi Aksu Otomotiv\",\"datePublished\":\"2021-06-13T18:51:29+00:00\",\"dateModified\":\"2021-06-13T18:51:34+00:00\",\"mainEntityOfPage\":{\"@id\":\"https:\/\/www.isuzucorluservis.com\/index.php\/2021\/06\/13\/eurostar-tv-anlat-bakalim-turkiye-corlu-isuzu-yetkili-servisi-aksu-otomotiv\/#webpage\"},\"commentCount\":0,\"publisher\":{\"@id\":\"https:\/\/www.isuzucorluservis.com\/#organization\"},\"image\":{\"@id\":\"https:\/\/www.isuzucorluservis.com\/index.php\/2021\/06\/13\/eurostar-tv-anlat-bakalim-turkiye-corlu-isuzu-yetkili-servisi-aksu-otomotiv\/#primaryimage\"},\"inLanguage\":\"tr\",\"potentialAction\":[{\"@type\":\"CommentAction\",\"name\":\"Comment\",\"target\":[\"https:\/\/www.isuzucorluservis.com\/index.php\/2021\/06\/13\/eurostar-tv-anlat-bakalim-turkiye-corlu-isuzu-yetkili-servisi-aksu-otomotiv\/#respond\"]}]},{\"@type\":\"Person\",\"@id\":\"https:\/\/www.isuzucorluservis.com\/#\/schema\/person\/93dfcda6dc8bcbcc6a8a91105ba3b0e9\",\"name\":\"@ksuoTo\",\"image\":{\"@type\":\"ImageObject\",\"@id\":\"https:\/\/www.isuzucorluservis.com\/#personlogo\",\"inLanguage\":\"tr\",\"url\":\"https:\/\/secure.gravatar.com\/avatar\/63e1da387d44f0b5bafe6d858ee926f374277bb7a3b7ec5e09a947f1c706deb4?s=96&d=mm&r=g\",\"contentUrl\":\"https:\/\/secure.gravatar.com\/avatar\/63e1da387d44f0b5bafe6d858ee926f374277bb7a3b7ec5e09a947f1c706deb4?s=96&d=mm&r=g\",\"caption\":\"@ksuoTo\"},\"sameAs\":[\"http:\/\/www.isuzucorluservis.com\"]}]}<\/script>\n<!-- \/ Yoast SEO plugin. -->","_links":{"self":[{"href":"https:\/\/www.isuzucorluservis.com\/index.php\/wp-json\/wp\/v2\/posts\/259","targetHints":{"allow":["GET"]}}],"collection":[{"href":"https:\/\/www.isuzucorluservis.com\/index.php\/wp-json\/wp\/v2\/posts"}],"about":[{"href":"https:\/\/www.isuzucorluservis.com\/index.php\/wp-json\/wp\/v2\/types\/post"}],"author":[{"embeddable":true,"href":"https:\/\/www.isuzucorluservis.com\/index.php\/wp-json\/wp\/v2\/users\/1"}],"replies":[{"embeddable":true,"href":"https:\/\/www.isuzucorluservis.com\/index.php\/wp-json\/wp\/v2\/comments?post=259"}],"version-history":[{"count":1,"href":"https:\/\/www.isuzucorluservis.com\/index.php\/wp-json\/wp\/v2\/posts\/259\/revisions"}],"predecessor-version":[{"id":261,"href":"https:\/\/www.isuzucorluservis.com\/index.php\/wp-json\/wp\/v2\/posts\/259\/revisions\/261"}],"wp:featuredmedia":[{"embeddable":true,"href":"https:\/\/www.isuzucorluservis.com\/index.php\/wp-json\/wp\/v2\/media\/260"}],"wp:attachment":[{"href":"https:\/\/www.isuzucorluservis.com\/index.php\/wp-json\/wp\/v2\/media?parent=259"}],"wp:term":[{"taxonomy":"category","embeddable":true,"href":"https:\/\/www.isuzucorluservis.com\/index.php\/wp-json\/wp\/v2\/categories?post=259"},{"taxonomy":"post_tag","embeddable":true,"href":"https:\/\/www.isuzucorluservis.com\/index.php\/wp-json\/wp\/v2\/tags?post=259"}],"curies":[{"name":"wp","href":"https:\/\/api.w.org\/{rel}","templated":true}]}}