{"id":255,"date":"2021-05-07T14:32:58","date_gmt":"2021-05-07T11:32:58","guid":{"rendered":"https:\/\/www.isuzucorluservis.com\/?p=255"},"modified":"2021-05-07T14:33:01","modified_gmt":"2021-05-07T11:33:01","slug":"isuzu-garantisi-ile-yeni-okul-yonetmeligine-uygun-araclarimiz-hazir","status":"publish","type":"post","link":"https:\/\/www.isuzucorluservis.com\/index.php\/2021\/05\/07\/isuzu-garantisi-ile-yeni-okul-yonetmeligine-uygun-araclarimiz-hazir\/","title":{"rendered":"Isuzu Garantisi ile Yeni Okul Y\u00f6netmeli\u011fine Uygun Ara\u00e7lar\u0131m\u0131z Haz\u0131r"},"content":{"rendered":"\n<p><strong>\u0130\u00e7 \u2013 d\u0131\u015f g\u00fcvenlik kameralar\u0131 ile izleme ve kay\u0131t<\/strong><\/p>\n\n\n\n<p><strong>A\u011f\u0131rl\u0131k sens\u00f6rl\u00fc koltuklar<\/strong><\/p>\n\n\n\n<p><strong>3 noktal\u0131 emniyet kemeriyle tam g\u00fcvenlik<\/strong><\/p>\n\n\n\n<p><strong>Ara\u00e7 takip sistemi ile anl\u0131k izleme<\/strong><\/p>\n\n\n\n<p><strong>\u015eeffaf camlar sayesinde arac\u0131n i\u00e7ini dI\u015farIdan g\u00f6rme<\/strong><\/p>\n\n\n\n<p><strong>Kap\u0131 g\u00fcvenlik sistemi ile olas\u0131 tehlikeleri engelleme<\/strong><\/p>\n\n\n\n<p><strong>\u0130\u00e7 \u2013 D\u0131\u015f G\u00fcvenlik Kameralar\u0131<\/strong><\/p>\n\n\n\n<p>5 Adet ara\u00e7 i\u00e7inde, 2 adet ara\u00e7 d\u0131\u015f\u0131nda yer alan g\u00fcvenlik kameralar\u0131; \u00f6\u011frencilerin servis arac\u0131na bini\u015f-ini\u015flerinde ve t\u00fcm koltuklar\u0131 g\u00f6ren lokasyonlar\u0131 ile yolculuk esnas\u0131nda \u00f6\u011frencilerin g\u00fcvenliklerini artt\u0131r\u0131yor. 360 derece g\u00f6r\u00fc\u015f sa\u011flayan d\u0131\u015f kamerelar, ayn\u0131 zamanda \u015fof\u00f6r\u00fcn de trafikte daha g\u00fcvenli s\u00fcr\u00fc\u015f i\u00e7erisinde olmas\u0131n\u0131 sa\u011fl\u0131yor. Ara\u00e7 i\u00e7i ve d\u0131\u015f\u0131na ait g\u00f6r\u00fcnt\u00fc kay\u0131tlar\u0131na en az 30 g\u00fcn boyunca ula\u015fma imkan\u0131 sunuluyor.<\/p>\n\n\n\n<p><strong>Sens\u00f6rl\u00fc Koltuklar<\/strong><\/p>\n\n\n\n<p>Koltuklardaki a\u011f\u0131rl\u0131k sens\u00f6rleri en az 9 kg\u2019l\u0131k a\u011f\u0131rl\u0131k alg\u0131lad\u0131\u011f\u0131nda, \u015fof\u00f6r \u00f6n\u00fcndeki koltuk dizilim ekran\u0131nda hangi koltuklar\u0131n dolu oldu\u011funu g\u00f6sterir. Kontak kapat\u0131ld\u0131\u011f\u0131nda hala a\u011f\u0131rl\u0131k alg\u0131lan\u0131yorsa ak\u00fc bitene kadar \u00f6nce kesikli sesli uyar\u0131, ard\u0131ndan d\u00f6rtl\u00fc fla\u015f\u00f6rlerin yanmas\u0131 ve son olarak \u015fof\u00f6r\u00fcn arac\u0131 terk etmesi durumunda, ara\u00e7 d\u0131\u015f\u0131na korna sesi ile uyar\u0131 verilmesi sa\u011flan\u0131yor.<\/p>\n\n\n\n<p><strong>3 Noktal\u0131, Ayarlanabilir Emniyet Kemeri<\/strong><\/p>\n\n\n\n<p>Y\u00fcksekli\u011fi ayarlanabilir 3 noktal\u0131 emniyet kemeri ile, trafikte birinci ko\u015ful olan emniyet kemeri g\u00fcvenli\u011fi sa\u011flanm\u0131\u015f oluyor. \u00dcstelik, koltuklarda bulunan alg\u0131lama sistemi ile emniyet kemeri tak\u0131l\u0131 olmayan koltuklar\u0131n hangileri oldu\u011fu \u015fof\u00f6r \u00f6n\u00fcndeki ekrandan kolayca tespit ediliyor. Emniyet kemerleri \u00e7ocuklar\u0131n boylar\u0131na uygun \u015fekilde ayarlanabilir ve boyun k\u0131sm\u0131nda k\u0131l\u0131f bulundurmaktad\u0131r.<\/p>\n\n\n\n<p><strong>Ara\u00e7 Takip Sistemi<\/strong><\/p>\n\n\n\n<p>Takip sistemi ile anl\u0131k olarak servis arac\u0131n\u0131n nerede oldu\u011fu takip edilirken, 30 g\u00fcn boyunca hangi rotalar\u0131 izledi\u011fi de kay\u0131t alt\u0131na al\u0131n\u0131yor.<\/p>\n\n\n\n<p><strong>\u015eeffaf camlar<\/strong><\/p>\n\n\n\n<p>Ara\u00e7 i\u00e7ini g\u00f6steren \u015feffaf camlarla \u00f6\u011frencilerin farkedilebilir olmas\u0131 artt\u0131r\u0131l\u0131yor.<\/p>\n\n\n\n<p><strong>Kap\u0131 g\u00fcvenlik sistemi<\/strong><\/p>\n\n\n\n<p>Ara\u00e7 kapanma an\u0131nda bir cisim alg\u0131lanmas\u0131 durumunda kap\u0131 otomatik olarak a\u00e7\u0131larak, s\u0131k\u0131\u015fma gibi durumlarda tehlike ortadan kald\u0131r\u0131lm\u0131\u015f oluyor.<\/p>\n","protected":false},"excerpt":{"rendered":"<p>\u0130\u00e7 \u2013 d\u0131\u015f g\u00fcvenlik kameralar\u0131 ile izleme ve kay\u0131t A\u011f\u0131rl\u0131k sens\u00f6rl\u00fc koltuklar 3 noktal\u0131 emniyet kemeriyle tam g\u00fcvenlik Ara\u00e7 takip sistemi ile anl\u0131k izleme \u015eeffaf camlar sayesinde arac\u0131n i\u00e7ini dI\u015farIdan g\u00f6rme Kap\u0131 g\u00fcvenlik sistemi ile olas\u0131 tehlikeleri engelleme \u0130\u00e7 \u2013 D\u0131\u015f G\u00fcvenlik Kameralar\u0131 5 Adet ara\u00e7 i\u00e7inde, 2 adet ara\u00e7 d\u0131\u015f\u0131nda yer alan g\u00fcvenlik kameralar\u0131; [&hellip;]<\/p>\n","protected":false},"author":1,"featured_media":256,"comment_status":"closed","ping_status":"closed","sticky":false,"template":"","format":"standard","meta":{"footnotes":""},"categories":[1],"tags":[],"class_list":["post-255","post","type-post","status-publish","format-standard","has-post-thumbnail","hentry","category-genel"],"yoast_head":"<!-- This site is optimized with the Yoast SEO plugin v16.2 - https:\/\/yoast.com\/wordpress\/plugins\/seo\/ -->\n<title>Isuzu Garantisi ile Yeni Okul Y\u00f6netmeli\u011fine Uygun Ara\u00e7lar\u0131m\u0131z Haz\u0131r - Aksu Otomotiv \u0130suzu \u00c7orlu Yetkili Servis \u0130suzu Servis<\/title>\n<meta name=\"robots\" content=\"index, follow, max-snippet:-1, max-image-preview:large, max-video-preview:-1\" \/>\n<link rel=\"canonical\" href=\"https:\/\/www.isuzucorluservis.com\/index.php\/2021\/05\/07\/isuzu-garantisi-ile-yeni-okul-yonetmeligine-uygun-araclarimiz-hazir\/\" \/>\n<meta property=\"og:locale\" content=\"tr_TR\" \/>\n<meta property=\"og:type\" content=\"article\" \/>\n<meta property=\"og:title\" content=\"Isuzu Garantisi ile Yeni Okul Y\u00f6netmeli\u011fine Uygun Ara\u00e7lar\u0131m\u0131z Haz\u0131r - Aksu Otomotiv \u0130suzu \u00c7orlu Yetkili Servis \u0130suzu Servis\" \/>\n<meta property=\"og:description\" content=\"\u0130\u00e7 \u2013 d\u0131\u015f g\u00fcvenlik kameralar\u0131 ile izleme ve kay\u0131t A\u011f\u0131rl\u0131k sens\u00f6rl\u00fc koltuklar 3 noktal\u0131 emniyet kemeriyle tam g\u00fcvenlik Ara\u00e7 takip sistemi ile anl\u0131k izleme \u015eeffaf camlar sayesinde arac\u0131n i\u00e7ini dI\u015farIdan g\u00f6rme Kap\u0131 g\u00fcvenlik sistemi ile olas\u0131 tehlikeleri engelleme \u0130\u00e7 \u2013 D\u0131\u015f G\u00fcvenlik Kameralar\u0131 5 Adet ara\u00e7 i\u00e7inde, 2 adet ara\u00e7 d\u0131\u015f\u0131nda yer alan g\u00fcvenlik kameralar\u0131; [&hellip;]\" \/>\n<meta property=\"og:url\" content=\"https:\/\/www.isuzucorluservis.com\/index.php\/2021\/05\/07\/isuzu-garantisi-ile-yeni-okul-yonetmeligine-uygun-araclarimiz-hazir\/\" \/>\n<meta property=\"og:site_name\" content=\"Aksu Otomotiv \u0130suzu \u00c7orlu Yetkili Servis \u0130suzu Servis\" \/>\n<meta property=\"article:published_time\" content=\"2021-05-07T11:32:58+00:00\" \/>\n<meta property=\"article:modified_time\" content=\"2021-05-07T11:33:01+00:00\" \/>\n<meta property=\"og:image\" content=\"https:\/\/www.isuzucorluservis.com\/wp-content\/uploads\/2021\/05\/isuzu_okul.jpg\" \/>\n\t<meta property=\"og:image:width\" content=\"450\" \/>\n\t<meta property=\"og:image:height\" content=\"614\" \/>\n<meta name=\"twitter:card\" content=\"summary_large_image\" \/>\n<meta name=\"twitter:label1\" content=\"Tahmini okuma s\u00fcresi\">\n\t<meta name=\"twitter:data1\" content=\"2 dakika\">\n<script type=\"application\/ld+json\" class=\"yoast-schema-graph\">{\"@context\":\"https:\/\/schema.org\",\"@graph\":[{\"@type\":\"Organization\",\"@id\":\"https:\/\/www.isuzucorluservis.com\/#organization\",\"name\":\"Aksu Otomotiv \\u0130suzu \\u00c7orlu Yetkili Servis \\u0130suzu Servis\",\"url\":\"https:\/\/www.isuzucorluservis.com\/\",\"sameAs\":[],\"logo\":{\"@type\":\"ImageObject\",\"@id\":\"https:\/\/www.isuzucorluservis.com\/#logo\",\"inLanguage\":\"tr\",\"url\":\"https:\/\/www.isuzucorluservis.com\/wp-content\/uploads\/2021\/05\/Logoisuzulu-4.png\",\"contentUrl\":\"https:\/\/www.isuzucorluservis.com\/wp-content\/uploads\/2021\/05\/Logoisuzulu-4.png\",\"width\":663,\"height\":639,\"caption\":\"Aksu Otomotiv \\u0130suzu \\u00c7orlu Yetkili Servis \\u0130suzu Servis\"},\"image\":{\"@id\":\"https:\/\/www.isuzucorluservis.com\/#logo\"}},{\"@type\":\"WebSite\",\"@id\":\"https:\/\/www.isuzucorluservis.com\/#website\",\"url\":\"https:\/\/www.isuzucorluservis.com\/\",\"name\":\"Aksu Otomotiv \\u0130suzu \\u00c7orlu Yetkili Servis \\u0130suzu Servis\",\"description\":\"Sizlere daha iyi hizmet verebilmek i\\u00e7in yeni yerimizdeyiz\",\"publisher\":{\"@id\":\"https:\/\/www.isuzucorluservis.com\/#organization\"},\"potentialAction\":[{\"@type\":\"SearchAction\",\"target\":\"https:\/\/www.isuzucorluservis.com\/?s={search_term_string}\",\"query-input\":\"required name=search_term_string\"}],\"inLanguage\":\"tr\"},{\"@type\":\"ImageObject\",\"@id\":\"https:\/\/www.isuzucorluservis.com\/index.php\/2021\/05\/07\/isuzu-garantisi-ile-yeni-okul-yonetmeligine-uygun-araclarimiz-hazir\/#primaryimage\",\"inLanguage\":\"tr\",\"url\":\"https:\/\/www.isuzucorluservis.com\/wp-content\/uploads\/2021\/05\/isuzu_okul.jpg\",\"contentUrl\":\"https:\/\/www.isuzucorluservis.com\/wp-content\/uploads\/2021\/05\/isuzu_okul.jpg\",\"width\":450,\"height\":614},{\"@type\":\"WebPage\",\"@id\":\"https:\/\/www.isuzucorluservis.com\/index.php\/2021\/05\/07\/isuzu-garantisi-ile-yeni-okul-yonetmeligine-uygun-araclarimiz-hazir\/#webpage\",\"url\":\"https:\/\/www.isuzucorluservis.com\/index.php\/2021\/05\/07\/isuzu-garantisi-ile-yeni-okul-yonetmeligine-uygun-araclarimiz-hazir\/\",\"name\":\"Isuzu Garantisi ile Yeni Okul Y\\u00f6netmeli\\u011fine Uygun Ara\\u00e7lar\\u0131m\\u0131z Haz\\u0131r - Aksu Otomotiv \\u0130suzu \\u00c7orlu Yetkili Servis \\u0130suzu Servis\",\"isPartOf\":{\"@id\":\"https:\/\/www.isuzucorluservis.com\/#website\"},\"primaryImageOfPage\":{\"@id\":\"https:\/\/www.isuzucorluservis.com\/index.php\/2021\/05\/07\/isuzu-garantisi-ile-yeni-okul-yonetmeligine-uygun-araclarimiz-hazir\/#primaryimage\"},\"datePublished\":\"2021-05-07T11:32:58+00:00\",\"dateModified\":\"2021-05-07T11:33:01+00:00\",\"breadcrumb\":{\"@id\":\"https:\/\/www.isuzucorluservis.com\/index.php\/2021\/05\/07\/isuzu-garantisi-ile-yeni-okul-yonetmeligine-uygun-araclarimiz-hazir\/#breadcrumb\"},\"inLanguage\":\"tr\",\"potentialAction\":[{\"@type\":\"ReadAction\",\"target\":[\"https:\/\/www.isuzucorluservis.com\/index.php\/2021\/05\/07\/isuzu-garantisi-ile-yeni-okul-yonetmeligine-uygun-araclarimiz-hazir\/\"]}]},{\"@type\":\"BreadcrumbList\",\"@id\":\"https:\/\/www.isuzucorluservis.com\/index.php\/2021\/05\/07\/isuzu-garantisi-ile-yeni-okul-yonetmeligine-uygun-araclarimiz-hazir\/#breadcrumb\",\"itemListElement\":[{\"@type\":\"ListItem\",\"position\":1,\"item\":{\"@type\":\"WebPage\",\"@id\":\"https:\/\/www.isuzucorluservis.com\/\",\"url\":\"https:\/\/www.isuzucorluservis.com\/\",\"name\":\"Anasayfa\"}},{\"@type\":\"ListItem\",\"position\":2,\"item\":{\"@id\":\"https:\/\/www.isuzucorluservis.com\/index.php\/2021\/05\/07\/isuzu-garantisi-ile-yeni-okul-yonetmeligine-uygun-araclarimiz-hazir\/#webpage\"}}]},{\"@type\":\"Article\",\"@id\":\"https:\/\/www.isuzucorluservis.com\/index.php\/2021\/05\/07\/isuzu-garantisi-ile-yeni-okul-yonetmeligine-uygun-araclarimiz-hazir\/#article\",\"isPartOf\":{\"@id\":\"https:\/\/www.isuzucorluservis.com\/index.php\/2021\/05\/07\/isuzu-garantisi-ile-yeni-okul-yonetmeligine-uygun-araclarimiz-hazir\/#webpage\"},\"author\":{\"@id\":\"https:\/\/www.isuzucorluservis.com\/#\/schema\/person\/93dfcda6dc8bcbcc6a8a91105ba3b0e9\"},\"headline\":\"Isuzu Garantisi ile Yeni Okul Y\\u00f6netmeli\\u011fine Uygun Ara\\u00e7lar\\u0131m\\u0131z Haz\\u0131r\",\"datePublished\":\"2021-05-07T11:32:58+00:00\",\"dateModified\":\"2021-05-07T11:33:01+00:00\",\"mainEntityOfPage\":{\"@id\":\"https:\/\/www.isuzucorluservis.com\/index.php\/2021\/05\/07\/isuzu-garantisi-ile-yeni-okul-yonetmeligine-uygun-araclarimiz-hazir\/#webpage\"},\"publisher\":{\"@id\":\"https:\/\/www.isuzucorluservis.com\/#organization\"},\"image\":{\"@id\":\"https:\/\/www.isuzucorluservis.com\/index.php\/2021\/05\/07\/isuzu-garantisi-ile-yeni-okul-yonetmeligine-uygun-araclarimiz-hazir\/#primaryimage\"},\"inLanguage\":\"tr\"},{\"@type\":\"Person\",\"@id\":\"https:\/\/www.isuzucorluservis.com\/#\/schema\/person\/93dfcda6dc8bcbcc6a8a91105ba3b0e9\",\"name\":\"@ksuoTo\",\"image\":{\"@type\":\"ImageObject\",\"@id\":\"https:\/\/www.isuzucorluservis.com\/#personlogo\",\"inLanguage\":\"tr\",\"url\":\"https:\/\/secure.gravatar.com\/avatar\/63e1da387d44f0b5bafe6d858ee926f374277bb7a3b7ec5e09a947f1c706deb4?s=96&d=mm&r=g\",\"contentUrl\":\"https:\/\/secure.gravatar.com\/avatar\/63e1da387d44f0b5bafe6d858ee926f374277bb7a3b7ec5e09a947f1c706deb4?s=96&d=mm&r=g\",\"caption\":\"@ksuoTo\"},\"sameAs\":[\"http:\/\/www.isuzucorluservis.com\"]}]}<\/script>\n<!-- \/ Yoast SEO plugin. -->","_links":{"self":[{"href":"https:\/\/www.isuzucorluservis.com\/index.php\/wp-json\/wp\/v2\/posts\/255","targetHints":{"allow":["GET"]}}],"collection":[{"href":"https:\/\/www.isuzucorluservis.com\/index.php\/wp-json\/wp\/v2\/posts"}],"about":[{"href":"https:\/\/www.isuzucorluservis.com\/index.php\/wp-json\/wp\/v2\/types\/post"}],"author":[{"embeddable":true,"href":"https:\/\/www.isuzucorluservis.com\/index.php\/wp-json\/wp\/v2\/users\/1"}],"replies":[{"embeddable":true,"href":"https:\/\/www.isuzucorluservis.com\/index.php\/wp-json\/wp\/v2\/comments?post=255"}],"version-history":[{"count":1,"href":"https:\/\/www.isuzucorluservis.com\/index.php\/wp-json\/wp\/v2\/posts\/255\/revisions"}],"predecessor-version":[{"id":257,"href":"https:\/\/www.isuzucorluservis.com\/index.php\/wp-json\/wp\/v2\/posts\/255\/revisions\/257"}],"wp:featuredmedia":[{"embeddable":true,"href":"https:\/\/www.isuzucorluservis.com\/index.php\/wp-json\/wp\/v2\/media\/256"}],"wp:attachment":[{"href":"https:\/\/www.isuzucorluservis.com\/index.php\/wp-json\/wp\/v2\/media?parent=255"}],"wp:term":[{"taxonomy":"category","embeddable":true,"href":"https:\/\/www.isuzucorluservis.com\/index.php\/wp-json\/wp\/v2\/categories?post=255"},{"taxonomy":"post_tag","embeddable":true,"href":"https:\/\/www.isuzucorluservis.com\/index.php\/wp-json\/wp\/v2\/tags?post=255"}],"curies":[{"name":"wp","href":"https:\/\/api.w.org\/{rel}","templated":true}]}}